{"id":11529,"date":"2023-07-15T23:18:16","date_gmt":"2023-07-15T21:18:16","guid":{"rendered":"https:\/\/coscderouen.com\/?p=11529"},"modified":"2024-10-26T20:03:00","modified_gmt":"2024-10-26T18:03:00","slug":"jai-besoin-de-conseildinformation-sociale","status":"publish","type":"post","link":"https:\/\/coscderouen.com\/index.php\/2023\/07\/15\/jai-besoin-de-conseildinformation-sociale\/","title":{"rendered":"J&#8217;AI BESOIN DE CONSEIL &#038; D&#8217;INFORMATION SOCIALE"},"content":{"rendered":"\t\t<div data-elementor-type=\"wp-post\" data-elementor-id=\"11529\" class=\"elementor elementor-11529\">\n\t\t\t\t\t\t<section class=\"elementor-section elementor-top-section elementor-element elementor-element-fbc0331 elementor-section-boxed elementor-section-height-default elementor-section-height-default\" data-id=\"fbc0331\" data-element_type=\"section\">\n\t\t\t\t\t\t<div class=\"elementor-container elementor-column-gap-no\">\n\t\t\t\t\t<div class=\"elementor-column elementor-col-100 elementor-top-column elementor-element elementor-element-bd9715d\" data-id=\"bd9715d\" data-element_type=\"column\">\n\t\t\t<div class=\"elementor-widget-wrap elementor-element-populated\">\n\t\t\t\t\t\t<div class=\"elementor-element elementor-element-6962645 elementor-widget elementor-widget-spacer\" data-id=\"6962645\" data-element_type=\"widget\" data-widget_type=\"spacer.default\">\n\t\t\t\t<div class=\"elementor-widget-container\">\n\t\t\t<style>\/*! elementor - v3.19.0 - 07-02-2024 *\/\n.elementor-column .elementor-spacer-inner{height:var(--spacer-size)}.e-con{--container-widget-width:100%}.e-con-inner>.elementor-widget-spacer,.e-con>.elementor-widget-spacer{width:var(--container-widget-width,var(--spacer-size));--align-self:var(--container-widget-align-self,initial);--flex-shrink:0}.e-con-inner>.elementor-widget-spacer>.elementor-widget-container,.e-con>.elementor-widget-spacer>.elementor-widget-container{height:100%;width:100%}.e-con-inner>.elementor-widget-spacer>.elementor-widget-container>.elementor-spacer,.e-con>.elementor-widget-spacer>.elementor-widget-container>.elementor-spacer{height:100%}.e-con-inner>.elementor-widget-spacer>.elementor-widget-container>.elementor-spacer>.elementor-spacer-inner,.e-con>.elementor-widget-spacer>.elementor-widget-container>.elementor-spacer>.elementor-spacer-inner{height:var(--container-widget-height,var(--spacer-size))}.e-con-inner>.elementor-widget-spacer.elementor-widget-empty,.e-con>.elementor-widget-spacer.elementor-widget-empty{position:relative;min-height:22px;min-width:22px}.e-con-inner>.elementor-widget-spacer.elementor-widget-empty .elementor-widget-empty-icon,.e-con>.elementor-widget-spacer.elementor-widget-empty .elementor-widget-empty-icon{position:absolute;top:0;bottom:0;left:0;right:0;margin:auto;padding:0;width:22px;height:22px}<\/style>\t\t<div class=\"elementor-spacer\">\n\t\t\t<div class=\"elementor-spacer-inner\"><\/div>\n\t\t<\/div>\n\t\t\t\t<\/div>\n\t\t\t\t<\/div>\n\t\t\t\t\t<\/div>\n\t\t<\/div>\n\t\t\t\t\t<\/div>\n\t\t<\/section>\n\t\t\t\t<section class=\"elementor-section elementor-top-section elementor-element elementor-element-8b9e148 elementor-section-boxed elementor-section-height-default elementor-section-height-default\" data-id=\"8b9e148\" data-element_type=\"section\">\n\t\t\t\t\t\t<div class=\"elementor-container elementor-column-gap-default\">\n\t\t\t\t\t<div class=\"elementor-column elementor-col-100 elementor-top-column elementor-element elementor-element-66efb9e\" data-id=\"66efb9e\" data-element_type=\"column\">\n\t\t\t<div class=\"elementor-widget-wrap elementor-element-populated\">\n\t\t\t\t\t\t<div class=\"elementor-element elementor-element-3dd851c elementor-position-left elementor-vertical-align-middle elementor-mobile-position-left elementor-view-default elementor-widget elementor-widget-icon-box\" data-id=\"3dd851c\" data-element_type=\"widget\" data-widget_type=\"icon-box.default\">\n\t\t\t\t<div class=\"elementor-widget-container\">\n\t\t\t<link rel=\"stylesheet\" href=\"https:\/\/coscderouen.com\/wp-content\/plugins\/elementor\/assets\/css\/widget-icon-box.min.css\">\t\t<div class=\"elementor-icon-box-wrapper\">\n\t\t\t\t\t\t<div class=\"elementor-icon-box-icon\">\n\t\t\t\t<a href=\"https:\/\/coscderouen.com\/index.php\/2024\/10\/04\/guide-des-demarches-sociales\/\" class=\"elementor-icon elementor-animation-shrink\" tabindex=\"-1\">\n\t\t\t\t<i aria-hidden=\"true\" class=\"fas fa-arrow-left\"><\/i>\t\t\t\t<\/a>\n\t\t\t<\/div>\n\t\t\t\t\t\t<div class=\"elementor-icon-box-content\">\n\t\t\t\t<h3 class=\"elementor-icon-box-title\">\n\t\t\t\t\t<a href=\"https:\/\/coscderouen.com\/index.php\/2024\/10\/04\/guide-des-demarches-sociales\/\" >\n\t\t\t\t\t\tRETOUR GUIDE DES D\u00c9MARCHES SOCIALES\t\t\t\t\t<\/a>\n\t\t\t\t<\/h3>\n\t\t\t\t\t\t\t<\/div>\n\t\t<\/div>\n\t\t\t\t<\/div>\n\t\t\t\t<\/div>\n\t\t\t\t\t<\/div>\n\t\t<\/div>\n\t\t\t\t\t<\/div>\n\t\t<\/section>\n\t\t\t\t<section class=\"elementor-section elementor-top-section elementor-element elementor-element-1a8e39f elementor-section-full_width elementor-section-height-default elementor-section-height-default\" data-id=\"1a8e39f\" data-element_type=\"section\">\n\t\t\t\t\t\t<div class=\"elementor-container elementor-column-gap-no\">\n\t\t\t\t\t<div class=\"elementor-column elementor-col-100 elementor-top-column elementor-element elementor-element-278c595\" data-id=\"278c595\" data-element_type=\"column\">\n\t\t\t<div class=\"elementor-widget-wrap elementor-element-populated\">\n\t\t\t\t\t\t<div class=\"elementor-element elementor-element-2bfe15d elementor-widget elementor-widget-heading\" data-id=\"2bfe15d\" data-element_type=\"widget\" data-widget_type=\"heading.default\">\n\t\t\t\t<div class=\"elementor-widget-container\">\n\t\t\t<style>\/*! elementor - v3.19.0 - 07-02-2024 *\/\n.elementor-heading-title{padding:0;margin:0;line-height:1}.elementor-widget-heading .elementor-heading-title[class*=elementor-size-]>a{color:inherit;font-size:inherit;line-height:inherit}.elementor-widget-heading .elementor-heading-title.elementor-size-small{font-size:15px}.elementor-widget-heading .elementor-heading-title.elementor-size-medium{font-size:19px}.elementor-widget-heading .elementor-heading-title.elementor-size-large{font-size:29px}.elementor-widget-heading .elementor-heading-title.elementor-size-xl{font-size:39px}.elementor-widget-heading .elementor-heading-title.elementor-size-xxl{font-size:59px}<\/style><h2 class=\"elementor-heading-title elementor-size-default\"> J'ai besoin de conseils, d'informations & d'acc\u00e8s \u00e0 mes droits.<\/h2>\t\t<\/div>\n\t\t\t\t<\/div>\n\t\t\t\t\t<\/div>\n\t\t<\/div>\n\t\t\t\t\t<\/div>\n\t\t<\/section>\n\t\t\t\t<section class=\"elementor-section elementor-top-section elementor-element elementor-element-c48ed2d elementor-section-boxed elementor-section-height-default elementor-section-height-default\" data-id=\"c48ed2d\" data-element_type=\"section\">\n\t\t\t\t\t\t<div class=\"elementor-container elementor-column-gap-default\">\n\t\t\t\t\t<div class=\"elementor-column elementor-col-25 elementor-top-column elementor-element elementor-element-618681e\" data-id=\"618681e\" data-element_type=\"column\">\n\t\t\t<div class=\"elementor-widget-wrap elementor-element-populated\">\n\t\t\t\t\t\t<div class=\"elementor-element elementor-element-eef1149 elementor-widget elementor-widget-text-editor\" data-id=\"eef1149\" data-element_type=\"widget\" data-widget_type=\"text-editor.default\">\n\t\t\t\t<div class=\"elementor-widget-container\">\n\t\t\t<style>\/*! elementor - v3.19.0 - 07-02-2024 *\/\n.elementor-widget-text-editor.elementor-drop-cap-view-stacked .elementor-drop-cap{background-color:#69727d;color:#fff}.elementor-widget-text-editor.elementor-drop-cap-view-framed .elementor-drop-cap{color:#69727d;border:3px solid;background-color:transparent}.elementor-widget-text-editor:not(.elementor-drop-cap-view-default) .elementor-drop-cap{margin-top:8px}.elementor-widget-text-editor:not(.elementor-drop-cap-view-default) .elementor-drop-cap-letter{width:1em;height:1em}.elementor-widget-text-editor .elementor-drop-cap{float:left;text-align:center;line-height:1;font-size:50px}.elementor-widget-text-editor .elementor-drop-cap-letter{display:inline-block}<\/style>\t\t\t\t<h6 style=\"text-align: center;\"><strong>CCAS de Rouen<\/strong><\/h6><p><br \/>2 rue de Germont<br \/>T\u00e9l. :\u00a0<a class=\"elf-external elf-icon\" href=\"tel:0235079810\">02 35 07 98 10<\/a><\/p><p>Du lundi au vendredi de 8h45 \u00e0 12h30 et de 13h30 \u00e0 17h00<br \/>Sauf 1er mardi du mois et jours f\u00e9ri\u00e9s.<\/p><p>TEOR 1, 2, 3 (Arr\u00eat CHU-Charles Nicolle-Rouen)<br \/>Ligne F2, 15, 20 (Arr\u00eat Place Saint-Vivien)<\/p>\t\t\t\t\t\t<\/div>\n\t\t\t\t<\/div>\n\t\t\t\t\t<\/div>\n\t\t<\/div>\n\t\t\t\t<div class=\"elementor-column elementor-col-25 elementor-top-column elementor-element elementor-element-b0b5ec7\" data-id=\"b0b5ec7\" data-element_type=\"column\">\n\t\t\t<div class=\"elementor-widget-wrap elementor-element-populated\">\n\t\t\t\t\t\t<div class=\"elementor-element elementor-element-7361b85 elementor-widget elementor-widget-text-editor\" data-id=\"7361b85\" data-element_type=\"widget\" data-widget_type=\"text-editor.default\">\n\t\t\t\t<div class=\"elementor-widget-container\">\n\t\t\t\t\t\t\t<h6 style=\"text-align: center;\"><strong>Le Lien \u2013 Emergence-s<\/strong><\/h6><p>43 bis, boulevard de Verdun<br \/><a class=\"elf-external elf-icon\" href=\"tel:06 07 37 19 55\">06 07 37 19 55<\/a>\u00a0(Etienne, Val\u00e9rie et J\u00e9r\u00f4me)<br \/><a class=\"elf-external elf-icon\" href=\"tel:07 57 44 61 84\">07 57 44 61 84<\/a>\u00a0(Delphine, Val\u00e9rie et Alexis)<\/p><p>&#8211;\u00a0 \u00a0Maraudes de jour<br \/>&#8211;\u00a0 \u00a0Papiers et d\u00e9marches<br \/>&#8211;\u00a0 \u00a0Demandes d\u2019h\u00e9bergement<\/p><p>Du lundi au vendredi de 9h \u00e0 12h30 et de 14h \u00e0 17h30 sauf jours f\u00e9ri\u00e9s.<\/p>\t\t\t\t\t\t<\/div>\n\t\t\t\t<\/div>\n\t\t\t\t\t<\/div>\n\t\t<\/div>\n\t\t\t\t<div class=\"elementor-column elementor-col-25 elementor-top-column elementor-element elementor-element-56aea72\" data-id=\"56aea72\" data-element_type=\"column\">\n\t\t\t<div class=\"elementor-widget-wrap elementor-element-populated\">\n\t\t\t\t\t\t<div class=\"elementor-element elementor-element-66bac48 elementor-widget elementor-widget-text-editor\" data-id=\"66bac48\" data-element_type=\"widget\" data-widget_type=\"text-editor.default\">\n\t\t\t\t<div class=\"elementor-widget-container\">\n\t\t\t\t\t\t\t<h6 style=\"text-align: center;\"><strong>Maraudes de nuit<\/strong><\/h6><p><br \/>T\u00e9l\u00e9phone :\u00a0<a class=\"elf-external elf-icon\" href=\"tel:115\">115<\/a><\/p>\t\t\t\t\t\t<\/div>\n\t\t\t\t<\/div>\n\t\t\t\t\t<\/div>\n\t\t<\/div>\n\t\t\t\t<div class=\"elementor-column elementor-col-25 elementor-top-column elementor-element elementor-element-a8c7173\" data-id=\"a8c7173\" data-element_type=\"column\">\n\t\t\t<div class=\"elementor-widget-wrap elementor-element-populated\">\n\t\t\t\t\t\t<div class=\"elementor-element elementor-element-5d465b2 elementor-widget elementor-widget-text-editor\" data-id=\"5d465b2\" data-element_type=\"widget\" data-widget_type=\"text-editor.default\">\n\t\t\t\t<div class=\"elementor-widget-container\">\n\t\t\t\t\t\t\t<h6 style=\"text-align: center;\"><a id=\"h2-2\"><\/a><strong>L\u2019Autobus \u2013 SAMU Social<br \/><br \/><\/strong><\/h6><p>&#8211;\u00a0 \u00a0Parler<br \/>&#8211;\u00a0 \u00a0Avoir un repas et des boissons chaudes<\/p><p>20h \u00e0 l\u2019H\u00f4tel de Ville, 21h \u00e0 la gare SNCF et 22h devant l\u2019\u00e9glise Saint-Sever.<\/p>\t\t\t\t\t\t<\/div>\n\t\t\t\t<\/div>\n\t\t\t\t\t<\/div>\n\t\t<\/div>\n\t\t\t\t\t<\/div>\n\t\t<\/section>\n\t\t\t\t<section class=\"elementor-section elementor-top-section elementor-element elementor-element-177242b elementor-section-boxed elementor-section-height-default elementor-section-height-default\" data-id=\"177242b\" data-element_type=\"section\">\n\t\t\t\t\t\t<div class=\"elementor-container elementor-column-gap-default\">\n\t\t\t\t\t<div class=\"elementor-column elementor-col-25 elementor-top-column elementor-element elementor-element-655ea9d\" data-id=\"655ea9d\" data-element_type=\"column\">\n\t\t\t<div class=\"elementor-widget-wrap elementor-element-populated\">\n\t\t\t\t\t\t<div class=\"elementor-element elementor-element-d7c5d54 elementor-widget elementor-widget-text-editor\" data-id=\"d7c5d54\" data-element_type=\"widget\" data-widget_type=\"text-editor.default\">\n\t\t\t\t<div class=\"elementor-widget-container\">\n\t\t\t\t\t\t\t<h6 style=\"text-align: center;\"><strong>M\u00e9decins du Monde<\/strong><\/h6><h6 style=\"text-align: center;\"><strong>Unit\u00e9 mobile Soins pour tous<\/strong><\/h6><p><br \/>&#8211;\u00a0 \u00a0Me soigner<br \/>&#8211;\u00a0 \u00a0Parler<\/p><p>Lundi et jeudi 18h30-22h30 aux lieux de passage des Restos du Coeur et de l\u2019Autobus et sur sollicitation<\/p>\t\t\t\t\t\t<\/div>\n\t\t\t\t<\/div>\n\t\t\t\t\t<\/div>\n\t\t<\/div>\n\t\t\t\t<div class=\"elementor-column elementor-col-25 elementor-top-column elementor-element elementor-element-799b739\" data-id=\"799b739\" data-element_type=\"column\">\n\t\t\t<div class=\"elementor-widget-wrap elementor-element-populated\">\n\t\t\t\t\t\t<div class=\"elementor-element elementor-element-55f3b5f elementor-widget elementor-widget-text-editor\" data-id=\"55f3b5f\" data-element_type=\"widget\" data-widget_type=\"text-editor.default\">\n\t\t\t\t<div class=\"elementor-widget-container\">\n\t\t\t\t\t\t\t<h6 style=\"text-align: center;\"><a id=\"h2-4\"><\/a><strong>La Boutik<\/strong><\/h6><p><br \/>T\u00e9l :\u00a0<a class=\"elf-external elf-icon\" href=\"tel:06 59 08 77 20\">06 59 08 77 20<\/a><\/p><p>&#8211;\u00a0 \u00a0Parler<br \/>&#8211;\u00a0 \u00a0Avoir du mat\u00e9riel de r\u00e9duction des risques pour les usagers de drogue<\/p><p>Jeudi de 18h \u00e0 21h en centre-ville et rive gauche de Rouen<\/p>\t\t\t\t\t\t<\/div>\n\t\t\t\t<\/div>\n\t\t\t\t\t<\/div>\n\t\t<\/div>\n\t\t\t\t<div class=\"elementor-column elementor-col-25 elementor-top-column elementor-element elementor-element-6927a48\" data-id=\"6927a48\" data-element_type=\"column\">\n\t\t\t<div class=\"elementor-widget-wrap elementor-element-populated\">\n\t\t\t\t\t\t<div class=\"elementor-element elementor-element-2b5a082 elementor-widget elementor-widget-text-editor\" data-id=\"2b5a082\" data-element_type=\"widget\" data-widget_type=\"text-editor.default\">\n\t\t\t\t<div class=\"elementor-widget-container\">\n\t\t\t\t\t\t\t<h6 style=\"text-align: center;\"><strong>Restos du Coeur<\/strong><\/h6><p><br \/>&#8211;\u00a0 \u00a0Parler<br \/>&#8211;\u00a0 \u00a0Avoir un repas<\/p><p>Du Lundi au Vendredi :<br \/>&#8211;\u00a0 \u00a0Place Saint-Marc : 18h45 &#8211; Place des Emmur\u00e9es : 19h45<br \/>&#8211;\u00a0 \u00a0Maraude \u00e0 pied dans les rues de Rouen : Lundi et jeudi de 19h \u00e0 22h30<\/p>\t\t\t\t\t\t<\/div>\n\t\t\t\t<\/div>\n\t\t\t\t\t<\/div>\n\t\t<\/div>\n\t\t\t\t<div class=\"elementor-column elementor-col-25 elementor-top-column elementor-element elementor-element-ce339b1\" data-id=\"ce339b1\" data-element_type=\"column\">\n\t\t\t<div class=\"elementor-widget-wrap elementor-element-populated\">\n\t\t\t\t\t\t<div class=\"elementor-element elementor-element-46d1ef4 elementor-widget elementor-widget-text-editor\" data-id=\"46d1ef4\" data-element_type=\"widget\" data-widget_type=\"text-editor.default\">\n\t\t\t\t<div class=\"elementor-widget-container\">\n\t\t\t\t\t\t\t<h6 style=\"text-align: center;\"><strong><a id=\"h2-6\"><\/a>Croix-Rouge<\/strong><\/h6><p><br \/>T\u00e9l :\u00a0<a class=\"elf-external elf-icon\" href=\"tel:02 35 88 04 61\">02 35 88 04 61<\/a><\/p><p>&#8211;\u00a0 \u00a0Parler<br \/>&#8211;\u00a0 \u00a0Etre conseill\u00e9<br \/>&#8211;\u00a0 \u00a0Avoir une boisson chaude<br \/>&#8211;\u00a0 \u00a0V\u00eatements<br \/>&#8211;\u00a0 \u00a0Couvertures et kits d\u2019hygi\u00e8ne.<\/p><p>Mardi, Jeudi et Vendredi de 19h \u00e0 24h et le dimanche de 18h \u00e0 21h.<\/p>\t\t\t\t\t\t<\/div>\n\t\t\t\t<\/div>\n\t\t\t\t\t<\/div>\n\t\t<\/div>\n\t\t\t\t\t<\/div>\n\t\t<\/section>\n\t\t\t\t<section class=\"elementor-section elementor-top-section elementor-element elementor-element-5295f7e elementor-section-boxed elementor-section-height-default elementor-section-height-default\" data-id=\"5295f7e\" data-element_type=\"section\">\n\t\t\t\t\t\t<div class=\"elementor-container elementor-column-gap-default\">\n\t\t\t\t\t<div class=\"elementor-column elementor-col-25 elementor-top-column elementor-element elementor-element-f4a1711\" data-id=\"f4a1711\" data-element_type=\"column\">\n\t\t\t<div class=\"elementor-widget-wrap elementor-element-populated\">\n\t\t\t\t\t\t<div class=\"elementor-element elementor-element-727743a elementor-widget elementor-widget-text-editor\" data-id=\"727743a\" data-element_type=\"widget\" data-widget_type=\"text-editor.default\">\n\t\t\t\t<div class=\"elementor-widget-container\">\n\t\t\t\t\t\t\t<h6 style=\"text-align: center;\"><strong>ASAR<\/strong><\/h6><p><br \/>&#8211;\u00a0 \u00a0Parler<br \/>&#8211;\u00a0 \u00a0Etre aid\u00e9 pour les papiers<\/p><p>Mercredi soir et Dimanche midi.<\/p>\t\t\t\t\t\t<\/div>\n\t\t\t\t<\/div>\n\t\t\t\t\t<\/div>\n\t\t<\/div>\n\t\t\t\t<div class=\"elementor-column elementor-col-25 elementor-top-column elementor-element elementor-element-73cf67e\" data-id=\"73cf67e\" data-element_type=\"column\">\n\t\t\t<div class=\"elementor-widget-wrap elementor-element-populated\">\n\t\t\t\t\t\t<div class=\"elementor-element elementor-element-5a57a8b elementor-widget elementor-widget-text-editor\" data-id=\"5a57a8b\" data-element_type=\"widget\" data-widget_type=\"text-editor.default\">\n\t\t\t\t<div class=\"elementor-widget-container\">\n\t\t\t\t\t\t\t<h6 style=\"text-align: center;\"><strong>Solidarit\u00e9 Coup de Patte<\/strong><\/h6><p><br \/>T\u00e9l :\u00a0<a class=\"elf-external elf-icon\" href=\"tel:06 03 10 72 73\">06 03 10 72 73<\/a><br \/><a class=\"elf-mailto elf-icon\" href=\"mailto:solidaritecoupdepatte.scp@gmail.com\">solidaritecoupdepatte.scp@gmail.com<\/a><\/p><p>Je viens avec mon animal ou je pr\u00e9sente ses papiers :<br \/>&#8211;\u00a0 \u00a0Pour de la nourriture pour chiens et chats<br \/>&#8211;\u00a0 \u00a0Pour des soins v\u00e9t\u00e9rinaires<\/p><p>Jeudi de 18h30 \u00e0 20h : Place St Marc<br \/>Jeudi de 18h45 \u00e0 20h : Place des Emmur\u00e9es<\/p>\t\t\t\t\t\t<\/div>\n\t\t\t\t<\/div>\n\t\t\t\t\t<\/div>\n\t\t<\/div>\n\t\t\t\t<div class=\"elementor-column elementor-col-25 elementor-top-column elementor-element elementor-element-8cd6954\" data-id=\"8cd6954\" data-element_type=\"column\">\n\t\t\t<div class=\"elementor-widget-wrap elementor-element-populated\">\n\t\t\t\t\t\t<div class=\"elementor-element elementor-element-6aeae17 elementor-widget elementor-widget-text-editor\" data-id=\"6aeae17\" data-element_type=\"widget\" data-widget_type=\"text-editor.default\">\n\t\t\t\t<div class=\"elementor-widget-container\">\n\t\t\t\t\t\t\t<h6 id=\"page-title\" class=\"title\" style=\"text-align: center;\"><strong>Ecrivain public<\/strong><\/h6><nav class=\"tabs\"><\/nav><div class=\"region region-content\"><div id=\"block-system-main\" class=\"block block-system\"><div class=\"content\"><div id=\"node-1449\" class=\"node node-page clearfix\"><div class=\"content clearfix\"><div class=\"field field-name-body field-type-text-with-summary field-label-hidden\"><div class=\"field-items\"><div class=\"field-item even\"><p><br \/>En partenariat avec l\u2019association AGIRabcd, des prestations d\u2019\u00e9crivain public sont propos\u00e9es, assur\u00e9es par les b\u00e9n\u00e9voles de l&#8217;association.<\/p><p>Elles prennent la forme d\u2019un accompagnement aupr\u00e8s des personnes ayant des difficult\u00e9s de compr\u00e9hension et d\u2019expression de la langue fran\u00e7aise et rencontrant des difficult\u00e9s dans leurs d\u00e9marches administratives et sociales.<\/p><p>Les aides apport\u00e9es peuvent \u00eatre :<br \/>&#8211;\u00a0 \u00a0R\u00e9diger un courrier<br \/>&#8211;\u00a0 \u00a0Compl\u00e9ter ou remplir un formulaire<br \/>&#8211;\u00a0 \u00a0Expliquer un document<br \/>&#8211;\u00a0 \u00a0Conseiller et Orienter aupr\u00e8s d\u2019un organisme, d\u2019une association ou des services administratifs<br \/>&#8211;\u00a0 \u00a0Aide \u00e0 la compr\u00e9hension de tous types de courriers<\/p><p>Les permanences sont gratuites et assur\u00e9es dans les lieux suivants :<\/p><\/div><\/div><\/div><\/div><\/div><\/div><\/div><\/div>\t\t\t\t\t\t<\/div>\n\t\t\t\t<\/div>\n\t\t\t\t\t<\/div>\n\t\t<\/div>\n\t\t\t\t<div class=\"elementor-column elementor-col-25 elementor-top-column elementor-element elementor-element-2153ef8\" data-id=\"2153ef8\" data-element_type=\"column\">\n\t\t\t<div class=\"elementor-widget-wrap elementor-element-populated\">\n\t\t\t\t\t\t<div class=\"elementor-element elementor-element-d419013 elementor-widget elementor-widget-text-editor\" data-id=\"d419013\" data-element_type=\"widget\" data-widget_type=\"text-editor.default\">\n\t\t\t\t<div class=\"elementor-widget-container\">\n\t\t\t\t\t\t\t<h6 style=\"text-align: center;\"><strong style=\"font-size: 1.1em;\">UTS Centre-Ville Gauche<\/strong><\/h6><div class=\"region region-content\"><div id=\"block-system-main\" class=\"block block-system\"><div class=\"content\"><div id=\"node-1449\" class=\"node node-page clearfix\"><div class=\"content clearfix\"><div class=\"field field-name-body field-type-text-with-summary field-label-hidden\"><div class=\"field-items\"><div class=\"field-item even\"><p><br \/>Uniquement sur rendez-vous au\u00a0<a class=\"elf-external elf-icon\" href=\"tel:02 32 18 29 40\">02 32 18 29 40<\/a><\/p><p><strong>Permanence<\/strong>\u00a0: Le mercredi de 9h \u00e0 12h (Hors vacances scolaires)<\/p><p>108 avenue de Bretagne.<\/p><\/div><\/div><\/div><\/div><\/div><\/div><\/div><\/div>\t\t\t\t\t\t<\/div>\n\t\t\t\t<\/div>\n\t\t\t\t\t<\/div>\n\t\t<\/div>\n\t\t\t\t\t<\/div>\n\t\t<\/section>\n\t\t\t\t<section class=\"elementor-section elementor-top-section elementor-element elementor-element-a4568e5 elementor-section-boxed elementor-section-height-default elementor-section-height-default\" data-id=\"a4568e5\" data-element_type=\"section\">\n\t\t\t\t\t\t<div class=\"elementor-container elementor-column-gap-default\">\n\t\t\t\t\t<div class=\"elementor-column elementor-col-25 elementor-top-column elementor-element elementor-element-6155fbd\" data-id=\"6155fbd\" data-element_type=\"column\">\n\t\t\t<div class=\"elementor-widget-wrap elementor-element-populated\">\n\t\t\t\t\t\t<div class=\"elementor-element elementor-element-229259c elementor-widget elementor-widget-text-editor\" data-id=\"229259c\" data-element_type=\"widget\" data-widget_type=\"text-editor.default\">\n\t\t\t\t<div class=\"elementor-widget-container\">\n\t\t\t\t\t\t\t<h6 style=\"text-align: center;\"><strong style=\"font-size: 1.1em;\">Centre Communal d&#8217;Action Sociale<\/strong><\/h6><div class=\"region region-content\"><div id=\"block-system-main\" class=\"block block-system\"><div class=\"content\"><div id=\"node-1449\" class=\"node node-page clearfix\"><div class=\"content clearfix\"><div class=\"field field-name-body field-type-text-with-summary field-label-hidden\"><div class=\"field-items\"><div class=\"field-item even\"><p><br \/>Uniquement sur rendez-vous au\u00a0<a class=\"elf-external elf-icon\" href=\"tel:02 35 07 98 10\">02 35 07 98 10<\/a><\/p><p><strong>Permanence<\/strong>\u00a0: Le jeudi de 9h \u00e0 12h (Hors vacances scolaires)<\/p><p><a href=\"https:\/\/rouen.fr\/adresse\/ccas\">Consulter les coordonn\u00e9es du Centre Communal d&#8217;Action Sociale<\/a><\/p><\/div><\/div><\/div><\/div><\/div><\/div><\/div><\/div>\t\t\t\t\t\t<\/div>\n\t\t\t\t<\/div>\n\t\t\t\t\t<\/div>\n\t\t<\/div>\n\t\t\t\t<div class=\"elementor-column elementor-col-25 elementor-top-column elementor-element elementor-element-964fcba\" data-id=\"964fcba\" data-element_type=\"column\">\n\t\t\t<div class=\"elementor-widget-wrap elementor-element-populated\">\n\t\t\t\t\t\t<div class=\"elementor-element elementor-element-b518bc0 elementor-widget elementor-widget-text-editor\" data-id=\"b518bc0\" data-element_type=\"widget\" data-widget_type=\"text-editor.default\">\n\t\t\t\t<div class=\"elementor-widget-container\">\n\t\t\t\t\t\t\t<h6 style=\"text-align: center;\"><strong>Maison du Plateau<\/strong><\/h6><p><br \/>Uniquement sur rendez-vous au\u00a0<a class=\"elf-external elf-icon\" href=\"tel:02 35 08 86 40\">02 35 08 86 40<\/a><\/p><p><strong>Horaires<\/strong>\u00a0: Le lundi de 13h30 \u00e0 16h30, 2\u00e8me et 4\u00e8me vendredi du mois de 9h \u00e0 12h (Hors vacances scolaires)<\/p><p><a href=\"https:\/\/rouen.fr\/adresse\/maison-du-plateau\" target=\"_blank\" rel=\"noopener\">Consulter les coordonn\u00e9es de la Maison du Plateau<\/a><\/p>\t\t\t\t\t\t<\/div>\n\t\t\t\t<\/div>\n\t\t\t\t\t<\/div>\n\t\t<\/div>\n\t\t\t\t<div class=\"elementor-column elementor-col-25 elementor-top-column elementor-element elementor-element-00ff064\" data-id=\"00ff064\" data-element_type=\"column\">\n\t\t\t<div class=\"elementor-widget-wrap elementor-element-populated\">\n\t\t\t\t\t\t<div class=\"elementor-element elementor-element-4a5639f elementor-widget elementor-widget-text-editor\" data-id=\"4a5639f\" data-element_type=\"widget\" data-widget_type=\"text-editor.default\">\n\t\t\t\t<div class=\"elementor-widget-container\">\n\t\t\t\t\t\t\t<h6 style=\"text-align: center;\"><strong>Spectacles<\/strong><\/h6><p><br \/>Artistes et musiciens.<br \/>Chaque dernier mercredi du mois aux points fixes de l\u2019Autobus 20h \u00e0 l\u2019H\u00f4tel de Ville, 21h \u00e0 la gare SNCF et 22h devant l\u2019\u00e9glise Saint-Sever.<\/p>\t\t\t\t\t\t<\/div>\n\t\t\t\t<\/div>\n\t\t\t\t\t<\/div>\n\t\t<\/div>\n\t\t\t\t<div class=\"elementor-column elementor-col-25 elementor-top-column elementor-element elementor-element-ff9e5b6\" data-id=\"ff9e5b6\" data-element_type=\"column\">\n\t\t\t<div class=\"elementor-widget-wrap elementor-element-populated\">\n\t\t\t\t\t\t<div class=\"elementor-element elementor-element-8869539 elementor-widget elementor-widget-text-editor\" data-id=\"8869539\" data-element_type=\"widget\" data-widget_type=\"text-editor.default\">\n\t\t\t\t<div class=\"elementor-widget-container\">\n\t\t\t\t\t\t\t<h6 style=\"text-align: center;\"><strong>Service d\u2019Accueil et d\u2019Orientation Carrefour des Solidarit\u00e9s<\/strong><\/h6><p><br \/>7 Boulevard du 11 Novembre &#8211; PETIT QUEVILLY<\/p><p>Si je suis \u00e0 la rue, je peux :<br \/>&#8211;\u00a0 \u00a0Etre \u00e9cout\u00e9<br \/>&#8211;\u00a0 \u00a0Etre aid\u00e9 pour mes d\u00e9marches et \u00eatre orient\u00e9<br \/>&#8211;\u00a0 \u00a0Faire les demandes pour un h\u00e9bergement ou l\u2019acc\u00e8s \u00e0 mes droits<\/p><p>Lundi au Vendredi de 9h \u00e0 12h et de 14h \u00e0 17h sauf jeudi apr\u00e8s-midi.<\/p><p>Bus F6 (Arr\u00eat Charlotte Delbo), TEOR 4 (Arr\u00eat Chartreux)<\/p>\t\t\t\t\t\t<\/div>\n\t\t\t\t<\/div>\n\t\t\t\t\t<\/div>\n\t\t<\/div>\n\t\t\t\t\t<\/div>\n\t\t<\/section>\n\t\t\t\t<section class=\"elementor-section elementor-top-section elementor-element elementor-element-faea1e3 elementor-section-boxed elementor-section-height-default elementor-section-height-default\" data-id=\"faea1e3\" data-element_type=\"section\">\n\t\t\t\t\t\t<div class=\"elementor-container elementor-column-gap-default\">\n\t\t\t\t\t<div class=\"elementor-column elementor-col-100 elementor-top-column elementor-element elementor-element-6a932a0\" data-id=\"6a932a0\" data-element_type=\"column\">\n\t\t\t<div class=\"elementor-widget-wrap elementor-element-populated\">\n\t\t\t\t\t\t<div class=\"elementor-element elementor-element-f5a9b17 elementor-widget elementor-widget-heading\" data-id=\"f5a9b17\" data-element_type=\"widget\" data-widget_type=\"heading.default\">\n\t\t\t\t<div class=\"elementor-widget-container\">\n\t\t\t<h2 class=\"elementor-heading-title elementor-size-default\">Maison de Justice et du Droit - Point Justice<\/h2>\t\t<\/div>\n\t\t\t\t<\/div>\n\t\t\t\t<div class=\"elementor-element elementor-element-a323298 elementor-widget__width-initial elementor-widget elementor-widget-text-editor\" data-id=\"a323298\" data-element_type=\"widget\" data-widget_type=\"text-editor.default\">\n\t\t\t\t<div class=\"elementor-widget-container\">\n\t\t\t\t\t\t\t<p>Fermeture de la Maison de Justice et du Droit pour une dur\u00e9e ind\u00e9termin\u00e9e.(juillet 2023)<br \/><span style=\"font-style: inherit; font-weight: var( --e-global-typography-b4331dc-font-weight ); color: var( --e-global-color-text ); font-family: var( --e-global-typography-b4331dc-font-family ), Sans-serif; letter-spacing: var( --e-global-typography-b4331dc-letter-spacing ); word-spacing: var( --e-global-typography-b4331dc-word-spacing ); background-color: var(--ast-global-color-5);\">Accueil possible uniquement sur rendez-vous au\u00a0<\/span><a class=\"elf-external elf-icon\" style=\"font-size: var( --e-global-typography-b4331dc-font-size ); font-style: inherit; font-weight: var( --e-global-typography-b4331dc-font-weight ); font-family: var( --e-global-typography-b4331dc-font-family ), Sans-serif; letter-spacing: var( --e-global-typography-b4331dc-letter-spacing ); word-spacing: var( --e-global-typography-b4331dc-word-spacing );\" href=\"tel:02 35 12 29 20\">02 35 12 29 20<\/a><span style=\"font-size: var( --e-global-typography-b4331dc-font-size ); font-style: inherit; font-weight: var( --e-global-typography-b4331dc-font-weight ); color: var( --e-global-color-text ); font-family: var( --e-global-typography-b4331dc-font-family ), Sans-serif; letter-spacing: var( --e-global-typography-b4331dc-letter-spacing ); word-spacing: var( --e-global-typography-b4331dc-word-spacing ); background-color: var(--ast-global-color-5);\">. <br \/>Les horaires ne changent pas. La Maison de Justice et du Droit (MJD) &#8211; Point Justice de Rouen vous accueille, vous aide et vous informe sur vos droits et obligations. Elle vous offre les moyens de vous rep\u00e9rer dans les circuits administratifs et judiciaires.<br \/>Elle facilite votre acc\u00e8s au droit et vous permet de r\u00e9soudre \u00e0 l\u2019amiable vos litiges de la vie quotidienne : probl\u00e8me de voisinage, conflit familial, difficult\u00e9 avec les institutions&#8230;<br \/>La MJD de Rouen vous apporte \u00e9galement un soutien lorsque vous \u00eates victime d\u2019une infraction p\u00e9nale.Service public gratuit et confidentiel r\u00e9sultant d\u2019un partenariat entre la Ville de Rouen et le Minist\u00e8re de la Justice.<\/span><span style=\"font-size: 16px;\"><br \/><\/span><\/p>\t\t\t\t\t\t<\/div>\n\t\t\t\t<\/div>\n\t\t\t\t\t<\/div>\n\t\t<\/div>\n\t\t\t\t\t<\/div>\n\t\t<\/section>\n\t\t\t\t<section class=\"elementor-section elementor-top-section elementor-element elementor-element-74a15be elementor-section-boxed elementor-section-height-default elementor-section-height-default\" data-id=\"74a15be\" data-element_type=\"section\">\n\t\t\t\t\t\t<div class=\"elementor-container elementor-column-gap-default\">\n\t\t\t\t\t<div class=\"elementor-column elementor-col-20 elementor-top-column elementor-element elementor-element-ac36a28\" data-id=\"ac36a28\" data-element_type=\"column\">\n\t\t\t<div class=\"elementor-widget-wrap elementor-element-populated\">\n\t\t\t\t\t\t<div class=\"elementor-element elementor-element-798b5e5 elementor-widget__width-initial elementor-widget elementor-widget-text-editor\" data-id=\"798b5e5\" data-element_type=\"widget\" data-widget_type=\"text-editor.default\">\n\t\t\t\t<div class=\"elementor-widget-container\">\n\t\t\t\t\t\t\t<h6 class=\"p1\" style=\"text-align: center;\"><b>Les permanences<\/b><\/h6><p class=\"p1\"><b><br \/>Les Avocats<\/b>\u00a0: Sur rendez-vous.<br \/><b>Les Huissiers<\/b>\u00a0: Sur rendez-vous.<br \/><b>Les Notaires<\/b>\u00a0: Sur rendez-vous.<br \/><b>La Protection Judiciaire de la Jeunesse<\/b>\u00a0: Sur rendez-vous.<br \/><b>Le Service P\u00e9nitentiaire\u00a0<\/b>: Sur convocation.<br \/><b>Le D\u00e9fenseur des Droits\u00a0<\/b>: Sur rendez-vous. Autorit\u00e9 constitutionnelle ind\u00e9pendante charg\u00e9e de :<br \/>&#8211;\u00a0 \u00a0d\u00e9fendre les droits et libert\u00e9s dans le cadre des relations avec les services publics<br \/>&#8211;\u00a0 \u00a0d\u00e9fendre et promouvoir l\u2019int\u00e9r\u00eat sup\u00e9rieur et les droits de l\u2019enfant<br \/>&#8211;\u00a0 \u00a0lutter contre les discriminations prohib\u00e9es par la loi et de promouvoir l\u2019\u00e9galit\u00e9<br \/>&#8211;\u00a0 \u00a0veiller au respect de la d\u00e9ontologie par les personnes exer\u00e7ant des activit\u00e9s de s\u00e9curit\u00e9<br \/>&#8211;\u00a0 \u00a0orienter et prot\u00e9ger les lanceurs d&#8217;alerte<\/p><p class=\"p1\"><b>L\u2019Association D\u00e9partementale d\u2019Information sur le Logement<\/b>\u00a0: Sur rendez-vous.<br \/><b>L&#8217;Association d\u2019Aide aux Victimes et d\u2019Information sur les Probl\u00e8mes P\u00e9naux<\/b>\u00a0: Sur rendez-vous.<br \/><b>Le Centre d\u2019Information sur les Droits des Femmes et des Familles<\/b>\u00a0: Sur rendez-vous tous les jeudis de 9h \u00e0 12h. Information et orientation sur le droit des \u00e9trangers et l\u2019acc\u00e8s \u00e0 la nationalit\u00e9 fran\u00e7aise.<br \/><b>L\u2019Union D\u00e9partementale des Associations Familiales<\/b>\u00a0: Sur rendez-vous. Information sur les mesures de protection (tutelle, curatelle).<br \/><b>Trialogue<\/b>\u00a0: Sur rendez-vous. Service de M\u00e9diation Familiale.<br \/><b>Harpe\u00a0<\/b>: Sur rendez-vous. Service de M\u00e9diation Familiale.<br \/><b>Le conciliateur de justice<\/b>\u00a0: Sur rendez-vous<\/p>\t\t\t\t\t\t<\/div>\n\t\t\t\t<\/div>\n\t\t\t\t\t<\/div>\n\t\t<\/div>\n\t\t\t\t<div class=\"elementor-column elementor-col-20 elementor-top-column elementor-element elementor-element-bd6fdab\" data-id=\"bd6fdab\" data-element_type=\"column\">\n\t\t\t<div class=\"elementor-widget-wrap elementor-element-populated\">\n\t\t\t\t\t\t<div class=\"elementor-element elementor-element-e6f19a4 elementor-widget elementor-widget-text-editor\" data-id=\"e6f19a4\" data-element_type=\"widget\" data-widget_type=\"text-editor.default\">\n\t\t\t\t<div class=\"elementor-widget-container\">\n\t\t\t\t\t\t\t<h6 class=\"p1\" style=\"text-align: center;\"><b>Horaires<\/b><\/h6><p class=\"p1\"><br \/>Lundi de 13h30 \u00e0 17h<br \/>du Mardi au Vendredi de 8h45 \u00e0 12h et de 13h30 \u00e0 17h<\/p>\t\t\t\t\t\t<\/div>\n\t\t\t\t<\/div>\n\t\t\t\t\t<\/div>\n\t\t<\/div>\n\t\t\t\t<div class=\"elementor-column elementor-col-20 elementor-top-column elementor-element elementor-element-19168cf\" data-id=\"19168cf\" data-element_type=\"column\">\n\t\t\t<div class=\"elementor-widget-wrap elementor-element-populated\">\n\t\t\t\t\t\t<div class=\"elementor-element elementor-element-35f3ef3 elementor-widget elementor-widget-text-editor\" data-id=\"35f3ef3\" data-element_type=\"widget\" data-widget_type=\"text-editor.default\">\n\t\t\t\t<div class=\"elementor-widget-container\">\n\t\t\t\t\t\t\t<h6 class=\"p1\" style=\"text-align: center;\"><b>Accessibilit\u00e9<\/b><\/h6><p class=\"p1\"><br \/>La Ville de Rouen favorise l\u2019accessibilit\u00e9 de ses \u00e9quipements \u00e0 tous ses usagers. Pour cela, elle met en place un accueil et des \u00e9quipements pour am\u00e9liorer l\u2019acc\u00e8s \u00e0 ses services.<\/p><p class=\"p1\">\u00c9quipements mis \u00e0 disposition :<\/p><p class=\"p1\">Accueil et toilette accessibles aux personnes \u00e0 mobilit\u00e9 r\u00e9duite<\/p>\t\t\t\t\t\t<\/div>\n\t\t\t\t<\/div>\n\t\t\t\t\t<\/div>\n\t\t<\/div>\n\t\t\t\t<div class=\"elementor-column elementor-col-20 elementor-top-column elementor-element elementor-element-6f5ee61\" data-id=\"6f5ee61\" data-element_type=\"column\">\n\t\t\t<div class=\"elementor-widget-wrap elementor-element-populated\">\n\t\t\t\t\t\t<div class=\"elementor-element elementor-element-77c8195 elementor-widget elementor-widget-text-editor\" data-id=\"77c8195\" data-element_type=\"widget\" data-widget_type=\"text-editor.default\">\n\t\t\t\t<div class=\"elementor-widget-container\">\n\t\t\t\t\t\t\t<h6 class=\"p1\" style=\"text-align: center;\"><b>Acc\u00e8s Transports<\/b><\/h6><p class=\"p1\"><br \/>TEOR\u00a02 (Arr\u00eat Ch\u00e2telet)<\/p><p class=\"p1\">Ligne Fast F2, F8 (Arr\u00eat Tamarelle)<\/p><p class=\"p1\">Bus 10, 20 (Arr\u00eat Tamarelle)<\/p>\t\t\t\t\t\t<\/div>\n\t\t\t\t<\/div>\n\t\t\t\t\t<\/div>\n\t\t<\/div>\n\t\t\t\t<div class=\"elementor-column elementor-col-20 elementor-top-column elementor-element elementor-element-bca4777\" data-id=\"bca4777\" data-element_type=\"column\">\n\t\t\t<div class=\"elementor-widget-wrap elementor-element-populated\">\n\t\t\t\t\t\t<div class=\"elementor-element elementor-element-688b337 elementor-widget elementor-widget-text-editor\" data-id=\"688b337\" data-element_type=\"widget\" data-widget_type=\"text-editor.default\">\n\t\t\t\t<div class=\"elementor-widget-container\">\n\t\t\t\t\t\t\t<h6 class=\"p1\" style=\"text-align: center;\"><b>Adresse<\/b><\/h6><p class=\"p1\">Maison de Justice et du Droit &#8211; Point Justice<\/p><p class=\"p1\">Place Alfred-de-Musset<\/p><p class=\"p1\">Centre administratif du Ch\u00e2telet<br \/><span style=\"font-style: inherit; font-weight: inherit; color: var( --e-global-color-text ); font-family: var( --e-global-typography-b4331dc-font-family ), Sans-serif; letter-spacing: var( --e-global-typography-b4331dc-letter-spacing ); word-spacing: var( --e-global-typography-b4331dc-word-spacing ); background-color: var(--ast-global-color-5);\">76000 Rouen<\/span><\/p><p class=\"p1\">T\u00e9l\u00e9phone\u00a0:\u00a0<a style=\"font-style: inherit; font-weight: inherit; font-family: var( --e-global-typography-b4331dc-font-family ), Sans-serif; letter-spacing: var( --e-global-typography-b4331dc-letter-spacing ); word-spacing: var( --e-global-typography-b4331dc-word-spacing );\" href=\"tel:+33235122920\">02 35 12 29 20<\/a><\/p><div class=\"region region-content\"><div id=\"block-system-main\" class=\"block block-system\"><div class=\"content\"><div id=\"node-1151\" class=\"node node-page clearfix\"><div class=\"content clearfix\"><div class=\"field field-name-body field-type-text-with-summary field-label-hidden\"><div class=\"field-items\"><div class=\"field field-name-field-phone field-type-text field-label-inline clearfix field-label-inline\"><div class=\"field-items\"><div class=\"field-item even\">\u00a0<\/div><\/div><\/div><\/div><\/div><\/div><\/div><\/div><\/div><\/div>\t\t\t\t\t\t<\/div>\n\t\t\t\t<\/div>\n\t\t\t\t\t<\/div>\n\t\t<\/div>\n\t\t\t\t\t<\/div>\n\t\t<\/section>\n\t\t\t\t<section class=\"elementor-section elementor-top-section elementor-element elementor-element-4f536d5 elementor-section-boxed elementor-section-height-default elementor-section-height-default\" data-id=\"4f536d5\" data-element_type=\"section\">\n\t\t\t\t\t\t<div class=\"elementor-container elementor-column-gap-default\">\n\t\t\t\t\t<div class=\"elementor-column elementor-col-100 elementor-top-column elementor-element elementor-element-d9a73bf\" data-id=\"d9a73bf\" data-element_type=\"column\">\n\t\t\t<div class=\"elementor-widget-wrap elementor-element-populated\">\n\t\t\t\t\t\t<div class=\"elementor-element elementor-element-4b40413 elementor-position-left elementor-vertical-align-middle elementor-mobile-position-left elementor-view-default elementor-widget elementor-widget-icon-box\" data-id=\"4b40413\" data-element_type=\"widget\" data-widget_type=\"icon-box.default\">\n\t\t\t\t<div class=\"elementor-widget-container\">\n\t\t\t\t\t<div class=\"elementor-icon-box-wrapper\">\n\t\t\t\t\t\t<div class=\"elementor-icon-box-icon\">\n\t\t\t\t<a href=\"https:\/\/coscderouen.com\/index.php\/2024\/10\/04\/guide-des-demarches-sociales\/\" class=\"elementor-icon elementor-animation-shrink\" tabindex=\"-1\">\n\t\t\t\t<i aria-hidden=\"true\" class=\"fas fa-arrow-left\"><\/i>\t\t\t\t<\/a>\n\t\t\t<\/div>\n\t\t\t\t\t\t<div class=\"elementor-icon-box-content\">\n\t\t\t\t<h3 class=\"elementor-icon-box-title\">\n\t\t\t\t\t<a href=\"https:\/\/coscderouen.com\/index.php\/2024\/10\/04\/guide-des-demarches-sociales\/\" >\n\t\t\t\t\t\tRETOUR GUIDE DES D\u00c9MARCHES SOCIALES\t\t\t\t\t<\/a>\n\t\t\t\t<\/h3>\n\t\t\t\t\t\t\t<\/div>\n\t\t<\/div>\n\t\t\t\t<\/div>\n\t\t\t\t<\/div>\n\t\t\t\t\t<\/div>\n\t\t<\/div>\n\t\t\t\t\t<\/div>\n\t\t<\/section>\n\t\t\t\t<\/div>\n\t\t","protected":false},"excerpt":{"rendered":"<p>RETOUR GUIDE DES D\u00c9MARCHES SOCIALES J&#8217;ai besoin de conseils, d&#8217;informations &#038; d&#8217;acc\u00e8s \u00e0 mes droits. CCAS de Rouen 2 rue de GermontT\u00e9l. :\u00a002 35 07 98 10 Du lundi au vendredi de 8h45 \u00e0 12h30 et de 13h30 \u00e0 17h00Sauf 1er mardi du mois et jours f\u00e9ri\u00e9s. TEOR 1, 2, 3 (Arr\u00eat CHU-Charles Nicolle-Rouen)Ligne F2, [&hellip;]<\/p>\n","protected":false},"author":1,"featured_media":0,"comment_status":"closed","ping_status":"closed","sticky":false,"template":"elementor_header_footer","format":"standard","meta":{"site-sidebar-layout":"default","site-content-layout":"","ast-site-content-layout":"","site-content-style":"default","site-sidebar-style":"default","ast-global-header-display":"","ast-banner-title-visibility":"","ast-main-header-display":"","ast-hfb-above-header-display":"","ast-hfb-below-header-display":"","ast-hfb-mobile-header-display":"","site-post-title":"","ast-breadcrumbs-content":"","ast-featured-img":"","footer-sml-layout":"","theme-transparent-header-meta":"","adv-header-id-meta":"","stick-header-meta":"","header-above-stick-meta":"","header-main-stick-meta":"","header-below-stick-meta":"","astra-migrate-meta-layouts":"default","ast-page-background-enabled":"default","ast-page-background-meta":{"desktop":{"background-color":"var(--ast-global-color-4)","background-image":"","background-repeat":"repeat","background-position":"center center","background-size":"auto","background-attachment":"scroll","background-type":"","background-media":"","overlay-type":"","overlay-color":"","overlay-gradient":""},"tablet":{"background-color":"","background-image":"","background-repeat":"repeat","background-position":"center center","background-size":"auto","background-attachment":"scroll","background-type":"","background-media":"","overlay-type":"","overlay-color":"","overlay-gradient":""},"mobile":{"background-color":"","background-image":"","background-repeat":"repeat","background-position":"center center","background-size":"auto","background-attachment":"scroll","background-type":"","background-media":"","overlay-type":"","overlay-color":"","overlay-gradient":""}},"ast-content-background-meta":{"desktop":{"background-color":"var(--ast-global-color-5)","background-image":"","background-repeat":"repeat","background-position":"center center","background-size":"auto","background-attachment":"scroll","background-type":"","background-media":"","overlay-type":"","overlay-color":"","overlay-gradient":""},"tablet":{"background-color":"var(--ast-global-color-5)","background-image":"","background-repeat":"repeat","background-position":"center center","background-size":"auto","background-attachment":"scroll","background-type":"","background-media":"","overlay-type":"","overlay-color":"","overlay-gradient":""},"mobile":{"background-color":"var(--ast-global-color-5)","background-image":"","background-repeat":"repeat","background-position":"center center","background-size":"auto","background-attachment":"scroll","background-type":"","background-media":"","overlay-type":"","overlay-color":"","overlay-gradient":""}},"footnotes":""},"categories":[2,13],"tags":[],"_links":{"self":[{"href":"https:\/\/coscderouen.com\/index.php\/wp-json\/wp\/v2\/posts\/11529"}],"collection":[{"href":"https:\/\/coscderouen.com\/index.php\/wp-json\/wp\/v2\/posts"}],"about":[{"href":"https:\/\/coscderouen.com\/index.php\/wp-json\/wp\/v2\/types\/post"}],"author":[{"embeddable":true,"href":"https:\/\/coscderouen.com\/index.php\/wp-json\/wp\/v2\/users\/1"}],"replies":[{"embeddable":true,"href":"https:\/\/coscderouen.com\/index.php\/wp-json\/wp\/v2\/comments?post=11529"}],"version-history":[{"count":110,"href":"https:\/\/coscderouen.com\/index.php\/wp-json\/wp\/v2\/posts\/11529\/revisions"}],"predecessor-version":[{"id":27864,"href":"https:\/\/coscderouen.com\/index.php\/wp-json\/wp\/v2\/posts\/11529\/revisions\/27864"}],"wp:attachment":[{"href":"https:\/\/coscderouen.com\/index.php\/wp-json\/wp\/v2\/media?parent=11529"}],"wp:term":[{"taxonomy":"category","embeddable":true,"href":"https:\/\/coscderouen.com\/index.php\/wp-json\/wp\/v2\/categories?post=11529"},{"taxonomy":"post_tag","embeddable":true,"href":"https:\/\/coscderouen.com\/index.php\/wp-json\/wp\/v2\/tags?post=11529"}],"curies":[{"name":"wp","href":"https:\/\/api.w.org\/{rel}","templated":true}]}}